{"id":704,"date":"2015-06-20T08:31:17","date_gmt":"2015-06-20T06:31:17","guid":{"rendered":"http:\/\/iamois.fr\/WordPress3\/?p=704"},"modified":"2015-09-16T11:17:58","modified_gmt":"2015-09-16T09:17:58","slug":"pouf-de-zik","status":"publish","type":"post","link":"https:\/\/iamois.fr\/WordPress3\/2015\/06\/pouf-de-zik\/","title":{"rendered":"Pouf de Zik"},"content":{"rendered":"<p>Demain, c&rsquo;est la f\u00eate de la musique !<\/p>\n<p>Pour l&rsquo;occasion,\u00a0je vous ai concoct\u00e9 un petit pouf musical de 2 pages pour le bonheur des oreilles (musique et sons \u00e0 imaginer \u00e0 votre guise bien s\u00fbr).<\/p>\n<p>Enjoy &amp;&#8230;\u00a0ROCK&rsquo;N&rsquo;ROOOOOOOOLL !!!! <!--more Lire la suite...--><\/p>\n<p><a href=\"http:\/\/iamois.fr\/WordPress3\/wp-content\/uploads\/2015\/06\/PoufDeZik-p11.png\" rel=\"wpdevart_lightbox\"><img loading=\"lazy\" decoding=\"async\" class=\"wp-image-728 size-full\" src=\"http:\/\/iamois.fr\/WordPress3\/wp-content\/uploads\/2015\/06\/PoufDeZik-p11.png\" alt=\"PoufDeZik - page 1 - auteur : iamo'i's\" width=\"709\" height=\"1182\" srcset=\"https:\/\/iamois.fr\/WordPress3\/wp-content\/uploads\/2015\/06\/PoufDeZik-p11.png 709w, https:\/\/iamois.fr\/WordPress3\/wp-content\/uploads\/2015\/06\/PoufDeZik-p11-180x300.png 180w, https:\/\/iamois.fr\/WordPress3\/wp-content\/uploads\/2015\/06\/PoufDeZik-p11-614x1024.png 614w, https:\/\/iamois.fr\/WordPress3\/wp-content\/uploads\/2015\/06\/PoufDeZik-p11-600x1000.png 600w\" sizes=\"(max-width: 709px) 100vw, 709px\" \/><\/a><\/p>\n<p><a href=\"http:\/\/iamois.fr\/WordPress3\/wp-content\/uploads\/2015\/06\/PoufDeZik-p2-0021.png\" rel=\"wpdevart_lightbox\"><img loading=\"lazy\" decoding=\"async\" class=\"wp-image-720 size-full\" src=\"http:\/\/iamois.fr\/WordPress3\/wp-content\/uploads\/2015\/06\/PoufDeZik-p2-0021.png\" alt=\"PoufDeZik - page 2 - auteur : iamo'i's\" width=\"709\" height=\"1182\" srcset=\"https:\/\/iamois.fr\/WordPress3\/wp-content\/uploads\/2015\/06\/PoufDeZik-p2-0021.png 709w, https:\/\/iamois.fr\/WordPress3\/wp-content\/uploads\/2015\/06\/PoufDeZik-p2-0021-180x300.png 180w, https:\/\/iamois.fr\/WordPress3\/wp-content\/uploads\/2015\/06\/PoufDeZik-p2-0021-614x1024.png 614w, https:\/\/iamois.fr\/WordPress3\/wp-content\/uploads\/2015\/06\/PoufDeZik-p2-0021-600x1000.png 600w\" sizes=\"(max-width: 709px) 100vw, 709px\" \/><\/a><\/p>\n<p>&nbsp;<\/p>\n","protected":false},"excerpt":{"rendered":"<p>Demain, c&rsquo;est la f\u00eate de la musique ! Pour l&rsquo;occasion,\u00a0je vous ai concoct\u00e9 un petit pouf musical de 2 pages pour le bonheur des oreilles (musique et sons \u00e0 imaginer \u00e0 votre guise bien s\u00fbr). Enjoy &amp;&#8230;\u00a0ROCK&rsquo;N&rsquo;ROOOOOOOOLL !!!!<\/p>\n","protected":false},"author":1,"featured_media":1086,"comment_status":"open","ping_status":"open","sticky":false,"template":"","format":"image","meta":{"footnotes":""},"categories":[11,13],"tags":[],"class_list":["post-704","post","type-post","status-publish","format-image","has-post-thumbnail","hentry","category-bande-dessinee","category-poufs","post_format-post-format-image"],"jetpack_featured_media_url":"https:\/\/iamois.fr\/WordPress3\/wp-content\/uploads\/2015\/09\/ImageALaUne-PoufDeZik.png","_links":{"self":[{"href":"https:\/\/iamois.fr\/WordPress3\/wp-json\/wp\/v2\/posts\/704"}],"collection":[{"href":"https:\/\/iamois.fr\/WordPress3\/wp-json\/wp\/v2\/posts"}],"about":[{"href":"https:\/\/iamois.fr\/WordPress3\/wp-json\/wp\/v2\/types\/post"}],"author":[{"embeddable":true,"href":"https:\/\/iamois.fr\/WordPress3\/wp-json\/wp\/v2\/users\/1"}],"replies":[{"embeddable":true,"href":"https:\/\/iamois.fr\/WordPress3\/wp-json\/wp\/v2\/comments?post=704"}],"version-history":[{"count":16,"href":"https:\/\/iamois.fr\/WordPress3\/wp-json\/wp\/v2\/posts\/704\/revisions"}],"predecessor-version":[{"id":1094,"href":"https:\/\/iamois.fr\/WordPress3\/wp-json\/wp\/v2\/posts\/704\/revisions\/1094"}],"wp:featuredmedia":[{"embeddable":true,"href":"https:\/\/iamois.fr\/WordPress3\/wp-json\/wp\/v2\/media\/1086"}],"wp:attachment":[{"href":"https:\/\/iamois.fr\/WordPress3\/wp-json\/wp\/v2\/media?parent=704"}],"wp:term":[{"taxonomy":"category","embeddable":true,"href":"https:\/\/iamois.fr\/WordPress3\/wp-json\/wp\/v2\/categories?post=704"},{"taxonomy":"post_tag","embeddable":true,"href":"https:\/\/iamois.fr\/WordPress3\/wp-json\/wp\/v2\/tags?post=704"}],"curies":[{"name":"wp","href":"https:\/\/api.w.org\/{rel}","templated":true}]}}