{"id":3262,"date":"2018-06-17T20:37:33","date_gmt":"2018-06-17T18:37:33","guid":{"rendered":"http:\/\/iamois.fr\/WordPress3\/?p=3262"},"modified":"2018-06-16T11:38:25","modified_gmt":"2018-06-16T09:38:25","slug":"de-zik-2018","status":"publish","type":"post","link":"https:\/\/iamois.fr\/WordPress3\/2018\/06\/de-zik-2018\/","title":{"rendered":"+ de Zik 2018"},"content":{"rendered":"<p>Apr\u00e8s un looooong moment de silence, I&rsquo;m back !<\/p>\n<p>Voici l&rsquo;affiche pour la f\u00eate de la musique 2018 de Canal+ !!<\/p>\n<p><img loading=\"lazy\" decoding=\"async\" class=\"aligncenter size-full wp-image-3265\" src=\"http:\/\/iamois.fr\/WordPress3\/wp-content\/uploads\/2018\/06\/DeZik2018_006.png\" alt=\"\" width=\"900\" height=\"1195\" srcset=\"https:\/\/iamois.fr\/WordPress3\/wp-content\/uploads\/2018\/06\/DeZik2018_006.png 900w, https:\/\/iamois.fr\/WordPress3\/wp-content\/uploads\/2018\/06\/DeZik2018_006-226x300.png 226w, https:\/\/iamois.fr\/WordPress3\/wp-content\/uploads\/2018\/06\/DeZik2018_006-768x1020.png 768w, https:\/\/iamois.fr\/WordPress3\/wp-content\/uploads\/2018\/06\/DeZik2018_006-678x900.png 678w, https:\/\/iamois.fr\/WordPress3\/wp-content\/uploads\/2018\/06\/DeZik2018_006-600x797.png 600w, https:\/\/iamois.fr\/WordPress3\/wp-content\/uploads\/2018\/06\/DeZik2018_006-750x996.png 750w\" sizes=\"(max-width: 900px) 100vw, 900px\" \/><\/p>\n<p>Ci-dessous, quelques d\u00e9tails :<\/p>\n<p><img loading=\"lazy\" decoding=\"async\" class=\"aligncenter size-full wp-image-3263\" src=\"http:\/\/iamois.fr\/WordPress3\/wp-content\/uploads\/2018\/06\/DeZik2018_006_detail1.png\" alt=\"\" width=\"900\" height=\"875\" srcset=\"https:\/\/iamois.fr\/WordPress3\/wp-content\/uploads\/2018\/06\/DeZik2018_006_detail1.png 900w, https:\/\/iamois.fr\/WordPress3\/wp-content\/uploads\/2018\/06\/DeZik2018_006_detail1-300x292.png 300w, https:\/\/iamois.fr\/WordPress3\/wp-content\/uploads\/2018\/06\/DeZik2018_006_detail1-768x746.png 768w, https:\/\/iamois.fr\/WordPress3\/wp-content\/uploads\/2018\/06\/DeZik2018_006_detail1-600x583.png 600w, https:\/\/iamois.fr\/WordPress3\/wp-content\/uploads\/2018\/06\/DeZik2018_006_detail1-750x729.png 750w, https:\/\/iamois.fr\/WordPress3\/wp-content\/uploads\/2018\/06\/DeZik2018_006_detail1-50x50.png 50w\" sizes=\"(max-width: 900px) 100vw, 900px\" \/><\/p>\n<p>&nbsp;<\/p>\n<p><img loading=\"lazy\" decoding=\"async\" class=\"aligncenter size-full wp-image-3264\" src=\"http:\/\/iamois.fr\/WordPress3\/wp-content\/uploads\/2018\/06\/DeZik2018_006_detail2.png\" alt=\"\" width=\"900\" height=\"1020\" srcset=\"https:\/\/iamois.fr\/WordPress3\/wp-content\/uploads\/2018\/06\/DeZik2018_006_detail2.png 900w, https:\/\/iamois.fr\/WordPress3\/wp-content\/uploads\/2018\/06\/DeZik2018_006_detail2-265x300.png 265w, https:\/\/iamois.fr\/WordPress3\/wp-content\/uploads\/2018\/06\/DeZik2018_006_detail2-768x870.png 768w, https:\/\/iamois.fr\/WordPress3\/wp-content\/uploads\/2018\/06\/DeZik2018_006_detail2-794x900.png 794w, https:\/\/iamois.fr\/WordPress3\/wp-content\/uploads\/2018\/06\/DeZik2018_006_detail2-600x680.png 600w, https:\/\/iamois.fr\/WordPress3\/wp-content\/uploads\/2018\/06\/DeZik2018_006_detail2-750x850.png 750w\" sizes=\"(max-width: 900px) 100vw, 900px\" \/><\/p>\n<p>Un pouf g\u00e9ant se cache dans cette affiche, sauras-tu le retrouver ?\u00a0<img decoding=\"async\" class=\"wpml_ico\" src=\"http:\/\/iamois.fr\/WordPress3\/wp-content\/themes\/amadeus-child\/smileys\/thongue.gif\" alt=\"\" \/><\/p>\n","protected":false},"excerpt":{"rendered":"<p>Apr\u00e8s un looooong moment de silence, I&rsquo;m back ! Voici l&rsquo;affiche pour la f\u00eate de la musique 2018 de Canal+ !! Ci-dessous, quelques d\u00e9tails : &nbsp; Un pouf g\u00e9ant se cache dans cette affiche, sauras-tu le retrouver ?\u00a0<\/p>\n","protected":false},"author":1,"featured_media":0,"comment_status":"open","ping_status":"open","sticky":false,"template":"","format":"image","meta":{"footnotes":""},"categories":[18,21,13],"tags":[34,119,109,22,32],"class_list":["post-3262","post","type-post","status-publish","format-image","hentry","category-affiche","category-canal","category-poufs","tag-canal","tag-fete","tag-musique","tag-reference","tag-saut","post_format-post-format-image"],"jetpack_featured_media_url":"","_links":{"self":[{"href":"https:\/\/iamois.fr\/WordPress3\/wp-json\/wp\/v2\/posts\/3262"}],"collection":[{"href":"https:\/\/iamois.fr\/WordPress3\/wp-json\/wp\/v2\/posts"}],"about":[{"href":"https:\/\/iamois.fr\/WordPress3\/wp-json\/wp\/v2\/types\/post"}],"author":[{"embeddable":true,"href":"https:\/\/iamois.fr\/WordPress3\/wp-json\/wp\/v2\/users\/1"}],"replies":[{"embeddable":true,"href":"https:\/\/iamois.fr\/WordPress3\/wp-json\/wp\/v2\/comments?post=3262"}],"version-history":[{"count":3,"href":"https:\/\/iamois.fr\/WordPress3\/wp-json\/wp\/v2\/posts\/3262\/revisions"}],"predecessor-version":[{"id":3268,"href":"https:\/\/iamois.fr\/WordPress3\/wp-json\/wp\/v2\/posts\/3262\/revisions\/3268"}],"wp:attachment":[{"href":"https:\/\/iamois.fr\/WordPress3\/wp-json\/wp\/v2\/media?parent=3262"}],"wp:term":[{"taxonomy":"category","embeddable":true,"href":"https:\/\/iamois.fr\/WordPress3\/wp-json\/wp\/v2\/categories?post=3262"},{"taxonomy":"post_tag","embeddable":true,"href":"https:\/\/iamois.fr\/WordPress3\/wp-json\/wp\/v2\/tags?post=3262"}],"curies":[{"name":"wp","href":"https:\/\/api.w.org\/{rel}","templated":true}]}}