{"id":2494,"date":"2016-10-17T06:45:29","date_gmt":"2016-10-17T04:45:29","guid":{"rendered":"http:\/\/iamois.fr\/WordPress3\/?p=2494"},"modified":"2016-11-07T11:43:42","modified_gmt":"2016-11-07T10:43:42","slug":"inktober-2016-17-to-pouf-or-not-to-pouf","status":"publish","type":"post","link":"https:\/\/iamois.fr\/WordPress3\/2016\/10\/inktober-2016-17-to-pouf-or-not-to-pouf\/","title":{"rendered":"To Pouf or not to Pouf"},"content":{"rendered":"<p>Inktober 2016 #17<\/p>\n<p>L&rsquo;heure est \u00e0 la r\u00e9flexion&#8230; Faut-il continuer inktober\u00a0? Faut-il continuer les poufs ?&#8230;<img loading=\"lazy\" decoding=\"async\" class=\"aligncenter size-full wp-image-2495\" src=\"http:\/\/iamois.fr\/WordPress3\/wp-content\/uploads\/2016\/10\/ToPoufOrNotToPouf.jpg\" alt=\"To Pouf or not to Pouf - auteur : iamo'i's\" width=\"900\" height=\"1150\" srcset=\"https:\/\/iamois.fr\/WordPress3\/wp-content\/uploads\/2016\/10\/ToPoufOrNotToPouf.jpg 900w, https:\/\/iamois.fr\/WordPress3\/wp-content\/uploads\/2016\/10\/ToPoufOrNotToPouf-235x300.jpg 235w, https:\/\/iamois.fr\/WordPress3\/wp-content\/uploads\/2016\/10\/ToPoufOrNotToPouf-768x981.jpg 768w, https:\/\/iamois.fr\/WordPress3\/wp-content\/uploads\/2016\/10\/ToPoufOrNotToPouf-704x900.jpg 704w, https:\/\/iamois.fr\/WordPress3\/wp-content\/uploads\/2016\/10\/ToPoufOrNotToPouf-600x767.jpg 600w, https:\/\/iamois.fr\/WordPress3\/wp-content\/uploads\/2016\/10\/ToPoufOrNotToPouf-750x958.jpg 750w\" sizes=\"(max-width: 900px) 100vw, 900px\" \/><\/p>\n<p>Les jambes sont un peu courtes, mais c&rsquo;\u00e9tait pour rentrer dans le cadre de la vid\u00e9o&#8230; Surtout apr\u00e8s avoir fait la t\u00eate aussi grosse !  <img src='https:\/\/iamois.fr\/WordPress3\/wp-content\/themes\/amadeus-child\/smileys\/icon_wink.gif' alt=';)' width='36' height='36' class='wpml_ico' \/> <\/p>\n<p><iframe loading=\"lazy\" width=\"1040\" height=\"585\" src=\"https:\/\/www.youtube.com\/embed\/fBq8wb5q1KQ?feature=oembed\" frameborder=\"0\" allow=\"accelerometer; autoplay; encrypted-media; gyroscope; picture-in-picture\" allowfullscreen><\/iframe><\/p>\n<p>&nbsp;<\/p>\n","protected":false},"excerpt":{"rendered":"<p>Inktober 2016 #17 L&rsquo;heure est \u00e0 la r\u00e9flexion&#8230; Faut-il continuer inktober\u00a0? Faut-il continuer les poufs ?&#8230; Les jambes sont un peu courtes, mais c&rsquo;\u00e9tait pour rentrer dans le cadre de la vid\u00e9o&#8230; Surtout apr\u00e8s avoir fait la t\u00eate aussi grosse ! &nbsp;<\/p>\n","protected":false},"author":1,"featured_media":2365,"comment_status":"open","ping_status":"open","sticky":false,"template":"","format":"image","meta":{"footnotes":""},"categories":[7,91,13],"tags":[75,45,22],"class_list":["post-2494","post","type-post","status-publish","format-image","has-post-thumbnail","hentry","category-illustration","category-inktober","category-poufs","tag-inktober","tag-peinture","tag-reference","post_format-post-format-image"],"jetpack_featured_media_url":"https:\/\/iamois.fr\/WordPress3\/wp-content\/uploads\/2016\/10\/ImageALaUne-Inktober2016-1.jpg","_links":{"self":[{"href":"https:\/\/iamois.fr\/WordPress3\/wp-json\/wp\/v2\/posts\/2494"}],"collection":[{"href":"https:\/\/iamois.fr\/WordPress3\/wp-json\/wp\/v2\/posts"}],"about":[{"href":"https:\/\/iamois.fr\/WordPress3\/wp-json\/wp\/v2\/types\/post"}],"author":[{"embeddable":true,"href":"https:\/\/iamois.fr\/WordPress3\/wp-json\/wp\/v2\/users\/1"}],"replies":[{"embeddable":true,"href":"https:\/\/iamois.fr\/WordPress3\/wp-json\/wp\/v2\/comments?post=2494"}],"version-history":[{"count":5,"href":"https:\/\/iamois.fr\/WordPress3\/wp-json\/wp\/v2\/posts\/2494\/revisions"}],"predecessor-version":[{"id":2513,"href":"https:\/\/iamois.fr\/WordPress3\/wp-json\/wp\/v2\/posts\/2494\/revisions\/2513"}],"wp:featuredmedia":[{"embeddable":true,"href":"https:\/\/iamois.fr\/WordPress3\/wp-json\/wp\/v2\/media\/2365"}],"wp:attachment":[{"href":"https:\/\/iamois.fr\/WordPress3\/wp-json\/wp\/v2\/media?parent=2494"}],"wp:term":[{"taxonomy":"category","embeddable":true,"href":"https:\/\/iamois.fr\/WordPress3\/wp-json\/wp\/v2\/categories?post=2494"},{"taxonomy":"post_tag","embeddable":true,"href":"https:\/\/iamois.fr\/WordPress3\/wp-json\/wp\/v2\/tags?post=2494"}],"curies":[{"name":"wp","href":"https:\/\/api.w.org\/{rel}","templated":true}]}}