{"id":1848,"date":"2016-02-15T07:01:05","date_gmt":"2016-02-15T06:01:05","guid":{"rendered":"http:\/\/iamois.fr\/WordPress3\/?p=1848"},"modified":"2016-09-21T17:36:11","modified_gmt":"2016-09-21T15:36:11","slug":"1-an-de-poufs","status":"publish","type":"post","link":"https:\/\/iamois.fr\/WordPress3\/2016\/02\/1-an-de-poufs\/","title":{"rendered":"1 an de Poufs !"},"content":{"rendered":"<p>Ah !\u00a0La saint Valentin va maintenant laisser place \u00e0 un \u00e9v\u00e9nement bien plus important&#8230;<br \/>\nLes poufs g\u00e9ants f\u00eatent leur premi\u00e8re ann\u00e9e d&rsquo;existence !!!!!<br \/>\nJ&rsquo;ai post\u00e9 le premier gag de pouf \u00ab\u00a0<a href=\"http:\/\/iamois.fr\/WordPress3\/2015\/02\/sortie-de-pouf\/\" target=\"_blank\">Sortie de pouf<\/a>\u00a0\u00bb le 15 F\u00e9vrier 2015&#8230; Et \u00e7a m&rsquo;\u00e9meut  <img src='https:\/\/iamois.fr\/WordPress3\/wp-content\/themes\/amadeus-child\/smileys\/icon_smile.gif' alt=':)' width='36' height='36' class='wpml_ico' \/> <\/p>\n<figure id=\"attachment_1862\" aria-describedby=\"caption-attachment-1862\" style=\"width: 945px\" class=\"wp-caption aligncenter\"><a href=\"http:\/\/iamois.fr\/WordPress3\/wp-content\/uploads\/2016\/02\/Pouf-PremiereAnn\u00e9e.png\"  rel=\"wpdevart_lightbox attachment wp-att-1862\" ><img loading=\"lazy\" decoding=\"async\" class=\"size-full wp-image-1862\" src=\"http:\/\/iamois.fr\/WordPress3\/wp-content\/uploads\/2016\/02\/Pouf-PremiereAnn\u00e9e.png\" alt=\"Pouf - 1 An - auteur : iamo'i's\" width=\"945\" height=\"647\" srcset=\"https:\/\/iamois.fr\/WordPress3\/wp-content\/uploads\/2016\/02\/Pouf-PremiereAnn\u00e9e.png 945w, https:\/\/iamois.fr\/WordPress3\/wp-content\/uploads\/2016\/02\/Pouf-PremiereAnn\u00e9e-300x205.png 300w, https:\/\/iamois.fr\/WordPress3\/wp-content\/uploads\/2016\/02\/Pouf-PremiereAnn\u00e9e-768x526.png 768w, https:\/\/iamois.fr\/WordPress3\/wp-content\/uploads\/2016\/02\/Pouf-PremiereAnn\u00e9e-600x411.png 600w\" sizes=\"(max-width: 945px) 100vw, 945px\" \/><\/a><figcaption id=\"caption-attachment-1862\" class=\"wp-caption-text\">Pouf &#8211; 1 An<\/figcaption><\/figure>\n","protected":false},"excerpt":{"rendered":"<p>Ah !\u00a0La saint Valentin va maintenant laisser place \u00e0 un \u00e9v\u00e9nement bien plus important&#8230; Les poufs g\u00e9ants f\u00eatent leur premi\u00e8re ann\u00e9e d&rsquo;existence !!!!! J&rsquo;ai post\u00e9 le premier gag de pouf \u00ab\u00a0Sortie de pouf\u00a0\u00bb le 15 F\u00e9vrier 2015&#8230; Et \u00e7a m&rsquo;\u00e9meut<\/p>\n","protected":false},"author":1,"featured_media":1854,"comment_status":"open","ping_status":"open","sticky":false,"template":"","format":"image","meta":{"footnotes":""},"categories":[7,13],"tags":[124,43],"class_list":["post-1848","post","type-post","status-publish","format-image","has-post-thumbnail","hentry","category-illustration","category-poufs","tag-anniversaire","tag-hallucination","post_format-post-format-image"],"jetpack_featured_media_url":"https:\/\/iamois.fr\/WordPress3\/wp-content\/uploads\/2016\/02\/ImageALaUne-PremierAnnee.png","_links":{"self":[{"href":"https:\/\/iamois.fr\/WordPress3\/wp-json\/wp\/v2\/posts\/1848"}],"collection":[{"href":"https:\/\/iamois.fr\/WordPress3\/wp-json\/wp\/v2\/posts"}],"about":[{"href":"https:\/\/iamois.fr\/WordPress3\/wp-json\/wp\/v2\/types\/post"}],"author":[{"embeddable":true,"href":"https:\/\/iamois.fr\/WordPress3\/wp-json\/wp\/v2\/users\/1"}],"replies":[{"embeddable":true,"href":"https:\/\/iamois.fr\/WordPress3\/wp-json\/wp\/v2\/comments?post=1848"}],"version-history":[{"count":8,"href":"https:\/\/iamois.fr\/WordPress3\/wp-json\/wp\/v2\/posts\/1848\/revisions"}],"predecessor-version":[{"id":2250,"href":"https:\/\/iamois.fr\/WordPress3\/wp-json\/wp\/v2\/posts\/1848\/revisions\/2250"}],"wp:featuredmedia":[{"embeddable":true,"href":"https:\/\/iamois.fr\/WordPress3\/wp-json\/wp\/v2\/media\/1854"}],"wp:attachment":[{"href":"https:\/\/iamois.fr\/WordPress3\/wp-json\/wp\/v2\/media?parent=1848"}],"wp:term":[{"taxonomy":"category","embeddable":true,"href":"https:\/\/iamois.fr\/WordPress3\/wp-json\/wp\/v2\/categories?post=1848"},{"taxonomy":"post_tag","embeddable":true,"href":"https:\/\/iamois.fr\/WordPress3\/wp-json\/wp\/v2\/tags?post=1848"}],"curies":[{"name":"wp","href":"https:\/\/api.w.org\/{rel}","templated":true}]}}